{"id":1483,"global_id":"portal.pronea.gt?id=1483","global_id_lineage":["portal.pronea.gt?id=1483"],"author":"2","status":"publish","date":"2026-01-26 11:01:23","date_utc":"2026-01-26 17:01:23","modified":"2026-01-26 11:43:51","modified_utc":"2026-01-26 17:43:51","url":"https:\/\/portal.pronea.gt\/?tribe_events=reunion-virtual-con-tecnicos-de-pronea","rest_url":"https:\/\/portal.pronea.gt\/index.php?rest_route=\/tribe\/events\/v1\/events\/1483","title":"Reuni\u00f3n virtual con t\u00e9cnicos de PRONEA","description":"<p>Primera reuni\u00f3n virtual con t\u00e9cnicos docentes de PRONEA y EVA para compartir lineamientos del a\u00f1o 2026<\/p>\n<ul>\n<li>Fecha: 03 de febrero de 2026<\/li>\n<li>Horario: de 10:00 am a 12:30pm<\/li>\n<li>Lugar: por Teams (se enviar\u00e1 link de enlace)<\/li>\n<\/ul>","excerpt":"","slug":"reunion-virtual-con-tecnicos-de-pronea","image":false,"all_day":false,"start_date":"2026-02-03 10:00:00","start_date_details":{"year":"2026","month":"02","day":"03","hour":"10","minutes":"00","seconds":"00"},"end_date":"2026-02-03 12:30:00","end_date_details":{"year":"2026","month":"02","day":"03","hour":"12","minutes":"30","seconds":"00"},"utc_start_date":"2026-02-03 16:00:00","utc_start_date_details":{"year":"2026","month":"02","day":"03","hour":"16","minutes":"00","seconds":"00"},"utc_end_date":"2026-02-03 18:30:00","utc_end_date_details":{"year":"2026","month":"02","day":"03","hour":"18","minutes":"30","seconds":"00"},"timezone":"America\/Guatemala","timezone_abbr":"CST","cost":"","cost_details":{"currency_symbol":"","currency_code":"","currency_position":"","values":[]},"website":"","show_map":true,"show_map_link":true,"hide_from_listings":false,"sticky":false,"featured":false,"categories":[{"name":"Actividades de PRONEA","slug":"talleres_de_capacitacion","term_group":0,"term_taxonomy_id":42,"taxonomy":"tribe_events_cat","description":"Talleres de capacitaci\u00f3n programados para los t\u00e9cnicos docentes de PRONEA","parent":0,"count":5,"filter":"raw","id":42,"urls":{"self":"https:\/\/portal.pronea.gt\/index.php?rest_route=\/tribe\/events\/v1\/categories\/42","collection":"https:\/\/portal.pronea.gt\/index.php?rest_route=\/tribe\/events\/v1\/categories"}}],"tags":[],"venue":[],"organizer":[{"id":503,"author":"2","status":"publish","date":"2025-05-30 23:08:21","date_utc":"2025-05-31 05:08:21","modified":"2025-05-30 23:08:21","modified_utc":"2025-05-31 05:08:21","url":"https:\/\/portal.pronea.gt\/?tribe_organizer=pronea","organizer":"Pronea","slug":"pronea","json_ld":{"@type":"Person","name":"Pronea","description":"","url":"","telephone":"","email":"","sameAs":""},"global_id":"portal.pronea.gt?id=503","global_id_lineage":["portal.pronea.gt?id=503"]}],"custom_fields":[],"json_ld":{"@context":"http:\/\/schema.org","@type":"Event","name":"Reuni\u00f3n virtual con t\u00e9cnicos de PRONEA","description":"&lt;p&gt;Primera reuni\u00f3n virtual con t\u00e9cnicos docentes de PRONEA y EVA para compartir lineamientos del a\u00f1o 2026 Fecha: 03 de febrero...&lt;\/p&gt;\\n","url":"https:\/\/portal.pronea.gt\/?tribe_events=reunion-virtual-con-tecnicos-de-pronea","eventAttendanceMode":"https:\/\/schema.org\/OfflineEventAttendanceMode","eventStatus":"https:\/\/schema.org\/EventScheduled","startDate":"2026-02-03T10:00:00-06:00","endDate":"2026-02-03T12:30:00-06:00","organizer":{"@type":"Person","name":"Pronea","description":"","url":"","telephone":"","email":"","sameAs":""},"performer":"Organization"},"ticketed":false}