{"id":989,"global_id":"portal.pronea.gt?id=989","global_id_lineage":["portal.pronea.gt?id=989"],"author":"2","status":"publish","date":"2025-09-13 20:35:06","date_utc":"2025-09-14 02:35:06","modified":"2025-10-09 20:18:28","modified_utc":"2025-10-10 02:18:28","url":"https:\/\/portal.pronea.gt\/?tribe_events=taller-de-capacitacion-de-docentes-2","rest_url":"https:\/\/portal.pronea.gt\/index.php?rest_route=\/tribe\/events\/v1\/events\/989","title":"Taller de capacitaci\u00f3n para t\u00e9cnicos docentes de PRONEA, sede Guatemala","description":"<p>Taller de capacitaci\u00f3n para la \u201cEntrega educativa de los m\u00f3dulos de aprendizaje del Nivel de Educaci\u00f3n Primaria\u201d del Programa Nacional de Educaci\u00f3n Alternativa, PRONEA.<\/p>\n<p><strong>Fecha:<\/strong>\u00a0 \u00a0 \u00a0 \u00a0 \u00a0 \u00a0 \u00a0 \u00a0 \u00a015, 16 y 17 de octubre de 2025<\/p>\n<p><strong>Sede<\/strong>:\u00a0 \u00a0 \u00a0 \u00a0 \u00a0 \u00a0 \u00a0 \u00a0 \u00a0 \u00a0Guatemala<\/p>\n<p><strong>Hora:<\/strong>\u00a0 \u00a0 \u00a0 \u00a0 \u00a0 \u00a0 \u00a0 \u00a0 \u00a0 \u00a0Ingresando el primer d\u00eda a las 11:00 A.M. y saliendo el tercer d\u00eda a las 2:00 P.M. horas<\/p>\n<p><strong>Modalidad:<\/strong>\u00a0 \u00a0 \u00a0 \u00a0Presencial<\/p>\n<p><strong>Participantes:\u00a0\u00a0\u00a0\u00a0 <\/strong>T\u00e9cnicos del Programa Nacional de Educaci\u00f3n Alternativa, PRONEA de los departamentos de: Chiquimula, Quiche Norte, Escuintla, Guatemala Norte, Guatemala Occidente, Guatemala Oriente, Guatemala Sur y Santa Rosa.<\/p>","excerpt":"","slug":"taller-de-capacitacion-de-docentes-2","image":false,"all_day":true,"start_date":"2025-10-15 00:00:00","start_date_details":{"year":"2025","month":"10","day":"15","hour":"00","minutes":"00","seconds":"00"},"end_date":"2025-10-17 23:59:59","end_date_details":{"year":"2025","month":"10","day":"17","hour":"23","minutes":"59","seconds":"59"},"utc_start_date":"2025-10-15 06:00:00","utc_start_date_details":{"year":"2025","month":"10","day":"15","hour":"06","minutes":"00","seconds":"00"},"utc_end_date":"2025-10-18 05:59:59","utc_end_date_details":{"year":"2025","month":"10","day":"18","hour":"05","minutes":"59","seconds":"59"},"timezone":"America\/Guatemala","timezone_abbr":"CST","cost":"","cost_details":{"currency_symbol":"","currency_code":"","currency_position":"","values":[]},"website":"","show_map":true,"show_map_link":false,"hide_from_listings":false,"sticky":false,"featured":false,"categories":[{"name":"Actividades de PRONEA","slug":"talleres_de_capacitacion","term_group":0,"term_taxonomy_id":42,"taxonomy":"tribe_events_cat","description":"Talleres de capacitaci\u00f3n programados para los t\u00e9cnicos docentes de PRONEA","parent":0,"count":5,"filter":"raw","id":42,"urls":{"self":"https:\/\/portal.pronea.gt\/index.php?rest_route=\/tribe\/events\/v1\/categories\/42","collection":"https:\/\/portal.pronea.gt\/index.php?rest_route=\/tribe\/events\/v1\/categories"}}],"tags":[],"venue":[],"organizer":[{"id":503,"author":"2","status":"publish","date":"2025-05-30 23:08:21","date_utc":"2025-05-31 05:08:21","modified":"2025-05-30 23:08:21","modified_utc":"2025-05-31 05:08:21","url":"https:\/\/portal.pronea.gt\/?tribe_organizer=pronea","organizer":"Pronea","slug":"pronea","json_ld":{"@type":"Person","name":"Pronea","description":"","url":"","telephone":"","email":"","sameAs":""},"global_id":"portal.pronea.gt?id=503","global_id_lineage":["portal.pronea.gt?id=503"]}],"custom_fields":[],"json_ld":{"@context":"http:\/\/schema.org","@type":"Event","name":"Taller de capacitaci\u00f3n para t\u00e9cnicos docentes de PRONEA, sede Guatemala","description":"&lt;p&gt;Taller de capacitaci\u00f3n para la \u201cEntrega educativa de los m\u00f3dulos de aprendizaje del Nivel de Educaci\u00f3n Primaria\u201d del Programa Nacional...&lt;\/p&gt;\\n","url":"https:\/\/portal.pronea.gt\/?tribe_events=taller-de-capacitacion-de-docentes-2","eventAttendanceMode":"https:\/\/schema.org\/OfflineEventAttendanceMode","eventStatus":"https:\/\/schema.org\/EventScheduled","startDate":"2025-10-15T00:00:00-06:00","endDate":"2025-10-17T23:59:59-06:00","organizer":{"@type":"Person","name":"Pronea","description":"","url":"","telephone":"","email":"","sameAs":""},"performer":"Organization"},"ticketed":false}