{"id":2547,"date":"2026-08-31T11:21:33","date_gmt":"2026-08-31T17:21:33","guid":{"rendered":"https:\/\/portal.pronea.gt\/?p=2547"},"modified":"2026-08-31T11:21:33","modified_gmt":"2026-08-31T17:21:33","slug":"medidas-y-conversiones-de-longitud-sistema-metrico-decimal-y-unidades","status":"publish","type":"post","link":"https:\/\/portal.pronea.gt\/?p=2547","title":{"rendered":"Medidas y conversiones de longitud: sistema m\u00e9trico decimal y unidades"},"content":{"rendered":"<h1>\u00bfQu\u00e9 son las medidas de longitud?<\/h1>\n<p>\u00bfSab\u00edas que la <strong>longitud<\/strong> es una medida que nos permite conocer qu\u00e9 tan largo, ancho o alto es un objeto?<\/p>\n<h2>Unidades de medida y sistema m\u00e9trico decimal<\/h2>\n<p>Las unidades de longitud pueden variar seg\u00fan el tama\u00f1o de lo que queremos medir. Los <strong>kil\u00f3metros<\/strong> son \u00fatiles para distancias extensas, como la separaci\u00f3n entre ciudades, mientras que los <strong>metros y cent\u00edmetros<\/strong> permiten medir objetos de uso cotidiano. Para realizar conversiones, el <strong>sistema m\u00e9trico decimal<\/strong> utiliza una l\u00f3gica basada en el n\u00famero 10. Al pasar de una unidad mayor a una menor, se multiplica por 10, 100 o 1,000; mientras que al pasar de una unidad menor a una mayor, se divide entre esas cantidades.<\/p>\n<p>Aprende a utilizar las medidas de longitud para comprender mejor el espacio que nos rodea y elegir la unidad adecuada seg\u00fan lo que necesitamos medir con el siguiente video. Mira:<\/p>\n<p><iframe loading=\"lazy\" title=\"YouTube video player\" src=\"https:\/\/www.youtube.com\/embed\/KpB6RPSmNA4?si=n97MYecKmmXj2mH9\" width=\"1120\" height=\"730\" frameborder=\"0\" allowfullscreen=\"allowfullscreen\"><span data-mce-type=\"bookmark\" style=\"display: inline-block; width: 0px; overflow: hidden; line-height: 0;\" class=\"mce_SELRES_start\">\ufeff<\/span><\/iframe><\/p>\n<h2>Longitud, \u00e1rea y volumen<\/h2>\n<p>No todas las medidas representan lo mismo. La <strong>longitud (1D)<\/strong> mide una dimensi\u00f3n, como el largo, ancho o alto. El <strong>\u00e1rea (2D)<\/strong> corresponde a la medida de una superficie plana y puede calcularse utilizando f\u00f3rmulas seg\u00fan la figura. Por su parte, el <strong>volumen (3D)<\/strong> representa el espacio que ocupa un objeto y se expresa en unidades c\u00fabicas, como el metro c\u00fabico (m\u00b3).<\/p>\n<p>Comprender las <strong>medidas y conversiones de longitud<\/strong> ayuda a interpretar cantidades y resolver situaciones cotidianas con mayor precisi\u00f3n. Aprender a elegir una unidad adecuada y realizar conversiones correctamente fortalece el razonamiento matem\u00e1tico y permite aplicar estos conocimientos en diferentes contextos.<\/p>\n<hr \/>\n<h1>Aprende con PRONEA<\/h1>\n<p>El\u00a0<strong>Programa Nacional de Educaci\u00f3n Alternativa (PRONEA)<\/strong>\u00a0del Ministerio de Educaci\u00f3n\u00a0brinda oportunidades educativas a j\u00f3venes y adultos que desean\u00a0<strong>finalizar su formaci\u00f3n acad\u00e9mica y mejorar sus oportunidades de desarrollo<\/strong>.<\/p>\n<p><strong>Inscr\u00edbete y sigue avanzando hacia nuevas oportunidades a trav\u00e9s de la educaci\u00f3n.<\/strong><\/p>\n<p>S\u00edguenos en nuestras redes sociales y visita nuestro portal:<br \/>\nFacebook: https:\/\/www.facebook.com\/pronea.edu.gt<br \/>\nYouTube: www.youtube.com\/@pronea.502<br \/>\nTikTok: https:\/\/www.tiktok.com\/@pronea.edu<br \/>\nP\u00e1gina web: <a href=\"http:\/\/www.portal.pronea.gt\">www.portal.pronea.gt<\/a><\/p>\n","protected":false},"excerpt":{"rendered":"<p>\u00bfQu\u00e9 son las medidas de longitud? \u00bfSab\u00edas que la longitud es una medida que nos permite conocer qu\u00e9 tan largo,&#8230;<\/p>\n","protected":false},"author":8,"featured_media":2549,"comment_status":"open","ping_status":"open","sticky":false,"template":"","format":"standard","meta":{"rs_blank_template":"","rs_page_bg_color":"","slide_template_v7":"","_price":"","_stock":"","_tribe_ticket_header":"","_tribe_default_ticket_provider":"","_tribe_ticket_capacity":"0","_ticket_start_date":"","_ticket_end_date":"","_tribe_ticket_show_description":"","_tribe_ticket_show_not_going":false,"_tribe_ticket_use_global_stock":"","_tribe_ticket_global_stock_level":"","_global_stock_mode":"","_global_stock_cap":"","_tribe_rsvp_for_event":"","_tribe_ticket_going_count":"","_tribe_ticket_not_going_count":"","_tribe_tickets_list":"[]","_tribe_ticket_has_attendee_info_fields":false,"footnotes":""},"categories":[33,39],"tags":[88,77,172,60,321,171,57,322,323],"class_list":["post-2547","post","type-post","status-publish","format-standard","has-post-thumbnail","hentry","category-matematicas","category-recursos","tag-conversiones","tag-educacion-alternativa","tag-educacion-para-adultos","tag-matematicas","tag-medidas-de-longitud","tag-ministerio-de-educacion","tag-pronea","tag-sistema-metrico-decimal","tag-unidades-de-medida-longitud"],"_links":{"self":[{"href":"https:\/\/portal.pronea.gt\/index.php?rest_route=\/wp\/v2\/posts\/2547","targetHints":{"allow":["GET"]}}],"collection":[{"href":"https:\/\/portal.pronea.gt\/index.php?rest_route=\/wp\/v2\/posts"}],"about":[{"href":"https:\/\/portal.pronea.gt\/index.php?rest_route=\/wp\/v2\/types\/post"}],"author":[{"embeddable":true,"href":"https:\/\/portal.pronea.gt\/index.php?rest_route=\/wp\/v2\/users\/8"}],"replies":[{"embeddable":true,"href":"https:\/\/portal.pronea.gt\/index.php?rest_route=%2Fwp%2Fv2%2Fcomments&post=2547"}],"version-history":[{"count":2,"href":"https:\/\/portal.pronea.gt\/index.php?rest_route=\/wp\/v2\/posts\/2547\/revisions"}],"predecessor-version":[{"id":2550,"href":"https:\/\/portal.pronea.gt\/index.php?rest_route=\/wp\/v2\/posts\/2547\/revisions\/2550"}],"wp:featuredmedia":[{"embeddable":true,"href":"https:\/\/portal.pronea.gt\/index.php?rest_route=\/wp\/v2\/media\/2549"}],"wp:attachment":[{"href":"https:\/\/portal.pronea.gt\/index.php?rest_route=%2Fwp%2Fv2%2Fmedia&parent=2547"}],"wp:term":[{"taxonomy":"category","embeddable":true,"href":"https:\/\/portal.pronea.gt\/index.php?rest_route=%2Fwp%2Fv2%2Fcategories&post=2547"},{"taxonomy":"post_tag","embeddable":true,"href":"https:\/\/portal.pronea.gt\/index.php?rest_route=%2Fwp%2Fv2%2Ftags&post=2547"}],"curies":[{"name":"wp","href":"https:\/\/api.w.org\/{rel}","templated":true}]}}