{"id":2556,"date":"2026-09-02T11:39:47","date_gmt":"2026-09-02T17:39:47","guid":{"rendered":"https:\/\/portal.pronea.gt\/?p=2556"},"modified":"2026-09-02T18:11:07","modified_gmt":"2026-09-03T00:11:07","slug":"causas-de-la-migracion-por-que-las-personas-migran","status":"publish","type":"post","link":"https:\/\/portal.pronea.gt\/?p=2556","title":{"rendered":"Causas de la migraci\u00f3n: \u00bfPor qu\u00e9 las personas migran?"},"content":{"rendered":"<h1>Am\u00e9rica, un continente en movimiento: causas de la migraci\u00f3n<\/h1>\n<p>\u00bfSab\u00edas que <strong>Am\u00e9rica<\/strong> es un continente diverso y lleno de movimiento? Se divide en tres grandes regiones: Am\u00e9rica del Norte, Am\u00e9rica Central y Am\u00e9rica del Sur. En Am\u00e9rica Central se encuentra <strong>Guatemala<\/strong>, junto a pa\u00edses como El Salvador, Honduras y Nicaragua. Esta diversidad geogr\u00e1fica se acompa\u00f1a de una gran riqueza cultural formada por pueblos originarios y poblaciones de distintos or\u00edgenes.<\/p>\n<h2>La diversidad cultural de Am\u00e9rica<\/h2>\n<p>En el continente conviven diferentes culturas, idiomas, comidas, formas de vestir y tradiciones. Esta variedad puede cambiar incluso entre comunidades cercanas. Por eso, comprender los movimientos de las personas tambi\u00e9n permite reflexionar sobre c\u00f3mo la <strong>migraci\u00f3n<\/strong> puede influir en las costumbres y la identidad de una comunidad.<\/p>\n<p>Aprende m\u00e1s sobre las causas principales de la migraci\u00f3n con el siguiente video. Mira:<\/p>\n<p><iframe title=\"YouTube video player\" src=\"https:\/\/www.youtube.com\/embed\/ySN2jtu1LWc?si=x4hTaGWuQGJl-VcI\" width=\"1120\" height=\"730\" frameborder=\"0\" allowfullscreen=\"allowfullscreen\"><span data-mce-type=\"bookmark\" style=\"display: inline-block; width: 0px; overflow: hidden; line-height: 0;\" class=\"mce_SELRES_start\">\ufeff<\/span><\/iframe><\/p>\n<h2>\u00bfCu\u00e1les son las principales causas de la migraci\u00f3n?<\/h2>\n<p>La migraci\u00f3n ocurre cuando una persona se traslada a otra regi\u00f3n o pa\u00eds para vivir. Entre sus principales causas se encuentran la <strong>decisi\u00f3n propia<\/strong>, cuando alguien busca mejores oportunidades laborales o educativas; la <strong>obligaci\u00f3n por peligro<\/strong>, ante problemas graves de seguridad; los <strong>desastres naturales<\/strong>, como terremotos o tormentas; las <strong>razones econ\u00f3micas<\/strong>, relacionadas con la falta de empleo o de ingresos suficientes; y los <strong>conflictos sociales o pol\u00edticos<\/strong>, que afectan la paz y la seguridad de las comunidades.<\/p>\n<h2>Migraci\u00f3n, dignidad y cultura<\/h2>\n<p>Analizar las causas de la migraci\u00f3n nos ayuda a comprender que las personas pueden desplazarse por diferentes circunstancias. Al mismo tiempo, es importante valorar que todas las personas tienen derecho a <strong>vivir con dignidad y conservar su cultura<\/strong>. Respetar las ra\u00edces y las tradiciones contribuye a mantener la diversidad cultural y a construir sociedades m\u00e1s respetuosas. \u00a1Contin\u00faa aprendiendo sobre los fen\u00f3menos sociales que forman parte de nuestro continente!<\/p>\n<hr \/>\n<h1>Aprende con PRONEA<\/h1>\n<p>El\u00a0<strong>Programa Nacional de Educaci\u00f3n Alternativa (PRONEA)<\/strong>\u00a0del Ministerio de Educaci\u00f3n\u00a0brinda oportunidades educativas a j\u00f3venes y adultos que desean\u00a0<strong>finalizar su formaci\u00f3n acad\u00e9mica y mejorar sus oportunidades de desarrollo<\/strong>.<\/p>\n<p><strong>Inscr\u00edbete y sigue avanzando hacia nuevas oportunidades a trav\u00e9s de la educaci\u00f3n.<\/strong><\/p>\n<p>S\u00edguenos en nuestras redes sociales y visita nuestro portal:<br \/>\nFacebook: https:\/\/www.facebook.com\/pronea.edu.gt<br \/>\nYouTube: www.youtube.com\/@pronea.502<br \/>\nTikTok: https:\/\/www.tiktok.com\/@pronea.edu<br \/>\nP\u00e1gina web: <a href=\"http:\/\/www.portal.pronea.gt\">www.portal.pronea.gt<\/a><\/p>\n","protected":false},"excerpt":{"rendered":"<p>Am\u00e9rica, un continente en movimiento: causas de la migraci\u00f3n \u00bfSab\u00edas que Am\u00e9rica es un continente diverso y lleno de movimiento?&#8230;<\/p>\n","protected":false},"author":8,"featured_media":2558,"comment_status":"open","ping_status":"open","sticky":false,"template":"","format":"standard","meta":{"_eb_attr":"","rs_blank_template":"","rs_page_bg_color":"","slide_template_v7":"","_price":"","_stock":"","_tribe_ticket_header":"","_tribe_default_ticket_provider":"","_tribe_ticket_capacity":"0","_ticket_start_date":"","_ticket_end_date":"","_tribe_ticket_show_description":"","_tribe_ticket_show_not_going":false,"_tribe_ticket_use_global_stock":"","_tribe_ticket_global_stock_level":"","_global_stock_mode":"","_global_stock_cap":"","_tribe_rsvp_for_event":"","_tribe_ticket_going_count":"","_tribe_ticket_not_going_count":"","_tribe_tickets_list":"[]","_tribe_ticket_has_attendee_info_fields":false,"footnotes":""},"categories":[108,39],"tags":[327,109,105,194,77,172,76,326,328,171,57],"class_list":["post-2556","post","type-post","status-publish","format-standard","has-post-thumbnail","hentry","category-area-de-ciencias-sociales","category-recursos","tag-causas-de-la-migracion","tag-ciencias-sociales","tag-comunicacion-y-lenguaje","tag-diversidad-cultural","tag-educacion-alternativa","tag-educacion-para-adultos","tag-guatemala","tag-migracion","tag-migracion-en-america","tag-ministerio-de-educacion","tag-pronea"],"_links":{"self":[{"href":"https:\/\/portal.pronea.gt\/index.php?rest_route=\/wp\/v2\/posts\/2556","targetHints":{"allow":["GET"]}}],"collection":[{"href":"https:\/\/portal.pronea.gt\/index.php?rest_route=\/wp\/v2\/posts"}],"about":[{"href":"https:\/\/portal.pronea.gt\/index.php?rest_route=\/wp\/v2\/types\/post"}],"author":[{"embeddable":true,"href":"https:\/\/portal.pronea.gt\/index.php?rest_route=\/wp\/v2\/users\/8"}],"replies":[{"embeddable":true,"href":"https:\/\/portal.pronea.gt\/index.php?rest_route=%2Fwp%2Fv2%2Fcomments&post=2556"}],"version-history":[{"count":2,"href":"https:\/\/portal.pronea.gt\/index.php?rest_route=\/wp\/v2\/posts\/2556\/revisions"}],"predecessor-version":[{"id":2559,"href":"https:\/\/portal.pronea.gt\/index.php?rest_route=\/wp\/v2\/posts\/2556\/revisions\/2559"}],"wp:featuredmedia":[{"embeddable":true,"href":"https:\/\/portal.pronea.gt\/index.php?rest_route=\/wp\/v2\/media\/2558"}],"wp:attachment":[{"href":"https:\/\/portal.pronea.gt\/index.php?rest_route=%2Fwp%2Fv2%2Fmedia&parent=2556"}],"wp:term":[{"taxonomy":"category","embeddable":true,"href":"https:\/\/portal.pronea.gt\/index.php?rest_route=%2Fwp%2Fv2%2Fcategories&post=2556"},{"taxonomy":"post_tag","embeddable":true,"href":"https:\/\/portal.pronea.gt\/index.php?rest_route=%2Fwp%2Fv2%2Ftags&post=2556"}],"curies":[{"name":"wp","href":"https:\/\/api.w.org\/{rel}","templated":true}]}}