{"id":2560,"date":"2026-09-03T11:51:12","date_gmt":"2026-09-03T17:51:12","guid":{"rendered":"https:\/\/portal.pronea.gt\/?p=2560"},"modified":"2026-09-02T18:14:44","modified_gmt":"2026-09-03T00:14:44","slug":"gestion-de-emergencias-en-guatemala-prevencion-y-respuesta-ante-desastres","status":"publish","type":"post","link":"https:\/\/portal.pronea.gt\/?p=2560","title":{"rendered":"Gesti\u00f3n de emergencias en Guatemala: prevenci\u00f3n y respuesta ante desastres"},"content":{"rendered":"<h1>Guatemala y las amenazas naturales: c\u00f3mo gestiona las emergencias<\/h1>\n<p>\u00bfSab\u00edas que Guatemala es un pa\u00eds hermoso, pero su ubicaci\u00f3n geogr\u00e1fica y sus condiciones <strong>sociales, econ\u00f3micas y ambientales<\/strong> hacen que muchas personas y sus hogares est\u00e9n expuestos a diferentes riesgos? Entre las principales amenazas naturales se encuentran los <strong>sismos, las inundaciones, las erupciones volc\u00e1nicas y los huracanes<\/strong>.<\/p>\n<h2>La evoluci\u00f3n de la gesti\u00f3n de emergencias<\/h2>\n<p>Para proteger a la poblaci\u00f3n, Guatemala ha desarrollado instituciones encargadas de organizar la respuesta ante los desastres. En <strong>1969<\/strong> se cre\u00f3 el Comit\u00e9 Nacional de Emergencias (CONE), con el prop\u00f3sito de brindar apoyo ante situaciones de desastre. Posteriormente, en <strong>1996<\/strong>, naci\u00f3 la <strong>CONRED (Coordinadora Nacional para la Reducci\u00f3n de Desastres)<\/strong>, que re\u00fane a diferentes instituciones para fortalecer la prevenci\u00f3n y la respuesta ante emergencias.<\/p>\n<p>Mira el siguiente video para aprender m\u00e1s sobre la gesti\u00f3n de emergencias en Guatemala:<\/p>\n<p><iframe title=\"YouTube video player\" src=\"https:\/\/www.youtube.com\/embed\/JJkxv_kNOXw?si=jrP6gHnIz9Kw-JLD\" width=\"1120\" height=\"730\" frameborder=\"0\" allowfullscreen=\"allowfullscreen\"><span data-mce-type=\"bookmark\" style=\"display: inline-block; width: 0px; overflow: hidden; line-height: 0;\" class=\"mce_SELRES_start\">\ufeff<\/span><\/iframe><\/p>\n<h2>Los cuatro pilares de la CONRED<\/h2>\n<p>La CONRED funciona como una coordinadora que organiza el trabajo de diferentes grupos. Su gesti\u00f3n incluye la <strong>acci\u00f3n interinstitucional y multidisciplinaria<\/strong>, en la que participan instituciones y profesionales de \u00e1reas como salud, seguridad e ingenier\u00eda; el <strong>Centro de Operaciones de Emergencia (COE)<\/strong>, que permite coordinar acciones y tomar decisiones en tiempo real; el <strong>manual de procedimientos<\/strong>, que orienta las acciones de manera efectiva, r\u00e1pida y segura; y el <strong>Sistema de Comando de Incidentes<\/strong>, que organiza y controla las acciones y los recursos durante una emergencia.<\/p>\n<p>Comprender c\u00f3mo funciona la <strong>gesti\u00f3n de emergencias<\/strong> permite reconocer que la prevenci\u00f3n y la organizaci\u00f3n son fundamentales para responder ante los desastres. La coordinaci\u00f3n entre instituciones y profesionales facilita que las acciones se desarrollen de manera ordenada y contribuye a proteger a la poblaci\u00f3n frente a las diferentes amenazas que pueden afectar al pa\u00eds. \u00a1Contin\u00faa aprendiendo y fortalece tus conocimientos para actuar responsablemente ante una emergencia!<\/p>\n<hr \/>\n<h1>Aprende con PRONEA<\/h1>\n<p>El\u00a0<strong>Programa Nacional de Educaci\u00f3n Alternativa (PRONEA)<\/strong>\u00a0del Ministerio de Educaci\u00f3n\u00a0brinda oportunidades educativas a j\u00f3venes y adultos que desean\u00a0<strong>finalizar su formaci\u00f3n acad\u00e9mica y mejorar sus oportunidades de desarrollo<\/strong>.<\/p>\n<p><strong>Inscr\u00edbete y sigue avanzando hacia nuevas oportunidades a trav\u00e9s de la educaci\u00f3n.<\/strong><\/p>\n<p>S\u00edguenos en nuestras redes sociales y visita nuestro portal:<br \/>\nFacebook: https:\/\/www.facebook.com\/pronea.edu.gt<br \/>\nYouTube: www.youtube.com\/@pronea.502<br \/>\nTikTok: https:\/\/www.tiktok.com\/@pronea.edu<br \/>\nP\u00e1gina web: <a href=\"http:\/\/www.portal.pronea.gt\">www.portal.pronea.gt<\/a><\/p>\n","protected":false},"excerpt":{"rendered":"<p>Guatemala y las amenazas naturales: c\u00f3mo gestiona las emergencias \u00bfSab\u00edas que Guatemala es un pa\u00eds hermoso, pero su ubicaci\u00f3n geogr\u00e1fica&#8230;<\/p>\n","protected":false},"author":8,"featured_media":2562,"comment_status":"open","ping_status":"open","sticky":false,"template":"","format":"standard","meta":{"_eb_attr":"","rs_blank_template":"","rs_page_bg_color":"","slide_template_v7":"","_price":"","_stock":"","_tribe_ticket_header":"","_tribe_default_ticket_provider":"","_tribe_ticket_capacity":"0","_ticket_start_date":"","_ticket_end_date":"","_tribe_ticket_show_description":"","_tribe_ticket_show_not_going":false,"_tribe_ticket_use_global_stock":"","_tribe_ticket_global_stock_level":"","_global_stock_mode":"","_global_stock_cap":"","_tribe_rsvp_for_event":"","_tribe_ticket_going_count":"","_tribe_ticket_not_going_count":"","_tribe_tickets_list":"[]","_tribe_ticket_has_attendee_info_fields":false,"footnotes":""},"categories":[111,39],"tags":[112,311,312,77,172,329,330,171,310,57],"class_list":["post-2560","post","type-post","status-publish","format-standard","has-post-thumbnail","hentry","category-area-de-ciencias-naturales","category-recursos","tag-ciencias-naturales","tag-conred","tag-desastres-naturales","tag-educacion-alternativa","tag-educacion-para-adultos","tag-gestion-de-emergencias","tag-gestion-de-riesgo","tag-ministerio-de-educacion","tag-prevencion-de-desastres","tag-pronea"],"_links":{"self":[{"href":"https:\/\/portal.pronea.gt\/index.php?rest_route=\/wp\/v2\/posts\/2560","targetHints":{"allow":["GET"]}}],"collection":[{"href":"https:\/\/portal.pronea.gt\/index.php?rest_route=\/wp\/v2\/posts"}],"about":[{"href":"https:\/\/portal.pronea.gt\/index.php?rest_route=\/wp\/v2\/types\/post"}],"author":[{"embeddable":true,"href":"https:\/\/portal.pronea.gt\/index.php?rest_route=\/wp\/v2\/users\/8"}],"replies":[{"embeddable":true,"href":"https:\/\/portal.pronea.gt\/index.php?rest_route=%2Fwp%2Fv2%2Fcomments&post=2560"}],"version-history":[{"count":2,"href":"https:\/\/portal.pronea.gt\/index.php?rest_route=\/wp\/v2\/posts\/2560\/revisions"}],"predecessor-version":[{"id":2563,"href":"https:\/\/portal.pronea.gt\/index.php?rest_route=\/wp\/v2\/posts\/2560\/revisions\/2563"}],"wp:featuredmedia":[{"embeddable":true,"href":"https:\/\/portal.pronea.gt\/index.php?rest_route=\/wp\/v2\/media\/2562"}],"wp:attachment":[{"href":"https:\/\/portal.pronea.gt\/index.php?rest_route=%2Fwp%2Fv2%2Fmedia&parent=2560"}],"wp:term":[{"taxonomy":"category","embeddable":true,"href":"https:\/\/portal.pronea.gt\/index.php?rest_route=%2Fwp%2Fv2%2Fcategories&post=2560"},{"taxonomy":"post_tag","embeddable":true,"href":"https:\/\/portal.pronea.gt\/index.php?rest_route=%2Fwp%2Fv2%2Ftags&post=2560"}],"curies":[{"name":"wp","href":"https:\/\/api.w.org\/{rel}","templated":true}]}}